{"id":312,"date":"2026-09-01T11:09:46","date_gmt":"2026-09-01T11:09:46","guid":{"rendered":"https:\/\/planosdesaudebrasil.com.br\/blog\/?p=312"},"modified":"2026-09-01T11:09:48","modified_gmt":"2026-09-01T11:09:48","slug":"como-escolher-um-plano-de-saude-de-acordo-com-o-seu-perfil","status":"publish","type":"post","link":"https:\/\/planosdesaudebrasil.com.br\/blog\/como-escolher-um-plano-de-saude-de-acordo-com-o-seu-perfil\/","title":{"rendered":"Como Escolher um Plano de Sa\u00fade de Acordo com o Seu Perfil"},"content":{"rendered":"\n<p class=\"wp-block-paragraph\">Escolher um plano de sa\u00fade pode parecer uma tarefa simples, mas existem diversos fatores que precisam ser analisados antes da contrata\u00e7\u00e3o. Afinal, cada pessoa possui necessidades diferentes, e o plano ideal para uma fam\u00edlia pode n\u00e3o ser a melhor op\u00e7\u00e3o para um jovem, um profissional aut\u00f4nomo ou uma empresa.<\/p>\n\n\n\n<p class=\"wp-block-paragraph\">Al\u00e9m de observar o pre\u00e7o da mensalidade, \u00e9 importante avaliar cobertura, rede credenciada, abrang\u00eancia, car\u00eancias, coparticipa\u00e7\u00e3o e as caracter\u00edsticas dos benefici\u00e1rios.<\/p>\n\n\n\n<p class=\"wp-block-paragraph\">Neste artigo, voc\u00ea vai descobrir quais pontos devem ser considerados para encontrar um plano de sa\u00fade mais adequado ao seu perfil.<\/p>\n\n\n\n<h2 class=\"wp-block-heading\">Por que o perfil do benefici\u00e1rio \u00e9 importante?<\/h2>\n\n\n\n<p class=\"wp-block-paragraph\">N\u00e3o existe um \u00fanico plano de sa\u00fade que seja perfeito para todas as pessoas.<\/p>\n\n\n\n<p class=\"wp-block-paragraph\">Uma pessoa que utiliza consultas m\u00e9dicas com frequ\u00eancia pode ter necessidades diferentes de algu\u00e9m que raramente procura atendimento m\u00e9dico. Da mesma forma, uma fam\u00edlia com crian\u00e7as pode procurar uma estrutura diferente de uma pessoa que deseja contratar um plano individual.<\/p>\n\n\n\n<p class=\"wp-block-paragraph\">Por isso, antes de analisar pre\u00e7os, \u00e9 importante entender quais s\u00e3o as suas principais necessidades.<\/p>\n\n\n\n<h2 class=\"wp-block-heading\">Plano de sa\u00fade para uma pessoa<\/h2>\n\n\n\n<p class=\"wp-block-paragraph\">Quem deseja contratar um plano individual pode priorizar fatores como pre\u00e7o, localiza\u00e7\u00e3o da rede credenciada e facilidade de acesso a consultas e exames.<\/p>\n\n\n\n<p class=\"wp-block-paragraph\">Nesse caso, vale analisar:<\/p>\n\n\n\n<ul class=\"wp-block-list\">\n<li>Faixa de pre\u00e7o;<\/li>\n\n\n\n<li>Hospitais pr\u00f3ximos;<\/li>\n\n\n\n<li>Laborat\u00f3rios dispon\u00edveis;<\/li>\n\n\n\n<li>Abrang\u00eancia geogr\u00e1fica;<\/li>\n\n\n\n<li>Coberturas oferecidas;<\/li>\n\n\n\n<li>Exist\u00eancia de coparticipa\u00e7\u00e3o.<\/li>\n<\/ul>\n\n\n\n<p class=\"wp-block-paragraph\">A escolha deve levar em considera\u00e7\u00e3o a frequ\u00eancia de utiliza\u00e7\u00e3o e o or\u00e7amento dispon\u00edvel.<\/p>\n\n\n\n<h2 class=\"wp-block-heading\">Plano de sa\u00fade para fam\u00edlias<\/h2>\n\n\n\n<p class=\"wp-block-paragraph\">Fam\u00edlias normalmente possuem necessidades mais amplas.<\/p>\n\n\n\n<p class=\"wp-block-paragraph\">Quando existem crian\u00e7as ou diferentes faixas et\u00e1rias entre os benefici\u00e1rios, a an\u00e1lise da rede de atendimento se torna ainda mais importante.<\/p>\n\n\n\n<p class=\"wp-block-paragraph\">\u00c9 interessante verificar a disponibilidade de pediatras, cl\u00ednicas, laborat\u00f3rios e hospitais que possam atender aos integrantes da fam\u00edlia.<\/p>\n\n\n\n<p class=\"wp-block-paragraph\">Tamb\u00e9m \u00e9 importante avaliar as condi\u00e7\u00f5es para inclus\u00e3o de dependentes e as caracter\u00edsticas da contrata\u00e7\u00e3o familiar.<\/p>\n\n\n\n<h2 class=\"wp-block-heading\">Plano de sa\u00fade para idosos<\/h2>\n\n\n\n<p class=\"wp-block-paragraph\">Para pessoas mais velhas, a disponibilidade de uma boa rede de atendimento pode ser um fator especialmente relevante.<\/p>\n\n\n\n<p class=\"wp-block-paragraph\">\u00c9 importante verificar os servi\u00e7os dispon\u00edveis e a facilidade de acesso a consultas, exames e atendimentos previstos na cobertura contratada.<\/p>\n\n\n\n<p class=\"wp-block-paragraph\">O consumidor tamb\u00e9m deve analisar cuidadosamente as condi\u00e7\u00f5es comerciais e contratuais antes de escolher uma op\u00e7\u00e3o.<\/p>\n\n\n\n<h2 class=\"wp-block-heading\">Plano de sa\u00fade para profissionais aut\u00f4nomos<\/h2>\n\n\n\n<p class=\"wp-block-paragraph\">Profissionais aut\u00f4nomos podem buscar alternativas que conciliem prote\u00e7\u00e3o e controle do or\u00e7amento.<\/p>\n\n\n\n<p class=\"wp-block-paragraph\">Nesse caso, \u00e9 importante comparar diferentes modalidades de contrata\u00e7\u00e3o e verificar quais op\u00e7\u00f5es est\u00e3o dispon\u00edveis para o perfil do consumidor.<\/p>\n\n\n\n<p class=\"wp-block-paragraph\">A coparticipa\u00e7\u00e3o tamb\u00e9m pode ser um ponto a ser analisado, principalmente quando existe diferen\u00e7a significativa entre os valores das mensalidades.<\/p>\n\n\n\n<h2 class=\"wp-block-heading\">Plano de sa\u00fade para empresas<\/h2>\n\n\n\n<p class=\"wp-block-paragraph\">Empresas possuem necessidades diferentes das pessoas f\u00edsicas.<\/p>\n\n\n\n<p class=\"wp-block-paragraph\">Al\u00e9m do pre\u00e7o, devem ser considerados o n\u00famero de funcion\u00e1rios, localiza\u00e7\u00e3o dos colaboradores, abrang\u00eancia da rede e regras para inclus\u00e3o de dependentes.<\/p>\n\n\n\n<p class=\"wp-block-paragraph\">Um bom plano empresarial pode fazer parte da estrat\u00e9gia de benef\u00edcios oferecidos aos funcion\u00e1rios.<\/p>\n\n\n\n<h2 class=\"wp-block-heading\">Como escolher a rede credenciada?<\/h2>\n\n\n\n<p class=\"wp-block-paragraph\">A rede credenciada merece aten\u00e7\u00e3o especial.<\/p>\n\n\n\n<p class=\"wp-block-paragraph\">Antes de contratar, procure verificar se os hospitais, cl\u00ednicas e laborat\u00f3rios que voc\u00ea considera importantes fazem parte da rede dispon\u00edvel para aquele produto.<\/p>\n\n\n\n<p class=\"wp-block-paragraph\">Tamb\u00e9m \u00e9 importante observar a localiza\u00e7\u00e3o dos estabelecimentos.<\/p>\n\n\n\n<p class=\"wp-block-paragraph\">Um plano pode apresentar uma excelente rede em determinada regi\u00e3o, mas ter poucas op\u00e7\u00f5es em outra.<\/p>\n\n\n\n<p class=\"wp-block-paragraph\">Por isso, a an\u00e1lise deve ser feita de acordo com o local onde o benefici\u00e1rio realmente utilizar\u00e1 o servi\u00e7o.<\/p>\n\n\n\n<h2 class=\"wp-block-heading\">O pre\u00e7o deve ser o principal fator?<\/h2>\n\n\n\n<p class=\"wp-block-paragraph\">O pre\u00e7o \u00e9 importante, mas n\u00e3o deve ser o \u00fanico crit\u00e9rio.<\/p>\n\n\n\n<p class=\"wp-block-paragraph\">Uma mensalidade mais baixa pode parecer vantajosa inicialmente, por\u00e9m \u00e9 necess\u00e1rio avaliar o que est\u00e1 inclu\u00eddo no produto.<\/p>\n\n\n\n<p class=\"wp-block-paragraph\">Uma compara\u00e7\u00e3o mais completa deve considerar:<\/p>\n\n\n\n<p class=\"wp-block-paragraph\"><strong>Mensalidade + cobertura + rede credenciada + abrang\u00eancia + condi\u00e7\u00f5es de utiliza\u00e7\u00e3o.<\/strong><\/p>\n\n\n\n<p class=\"wp-block-paragraph\">Dessa maneira, o consumidor consegue avaliar o custo-benef\u00edcio de cada alternativa.<\/p>\n\n\n\n<h2 class=\"wp-block-heading\">O que \u00e9 coparticipa\u00e7\u00e3o?<\/h2>\n\n\n\n<p class=\"wp-block-paragraph\">A coparticipa\u00e7\u00e3o \u00e9 uma caracter\u00edstica presente em determinados planos.<\/p>\n\n\n\n<p class=\"wp-block-paragraph\">Nesse modelo, o benefici\u00e1rio pode pagar valores adicionais relacionados \u00e0 utiliza\u00e7\u00e3o de determinados servi\u00e7os, conforme as regras estabelecidas no contrato.<\/p>\n\n\n\n<p class=\"wp-block-paragraph\">Antes de escolher um plano com coparticipa\u00e7\u00e3o, \u00e9 importante entender como funciona a cobran\u00e7a e quais procedimentos podem gerar valores adicionais.<\/p>\n\n\n\n<h2 class=\"wp-block-heading\">E as car\u00eancias?<\/h2>\n\n\n\n<p class=\"wp-block-paragraph\">Outro ponto que merece aten\u00e7\u00e3o s\u00e3o as car\u00eancias.<\/p>\n\n\n\n<p class=\"wp-block-paragraph\">Dependendo do contrato e da situa\u00e7\u00e3o de contrata\u00e7\u00e3o, determinados procedimentos podem possuir per\u00edodos de espera antes de serem utilizados.<\/p>\n\n\n\n<p class=\"wp-block-paragraph\">Por isso, n\u00e3o deixe de perguntar sobre as car\u00eancias aplic\u00e1veis antes de contratar.<\/p>\n\n\n\n<p class=\"wp-block-paragraph\">Conhecer essas condi\u00e7\u00f5es ajuda o consumidor a ter expectativas mais realistas sobre quando poder\u00e1 utilizar cada servi\u00e7o.<\/p>\n\n\n\n<h2 class=\"wp-block-heading\">Como fazer uma boa compara\u00e7\u00e3o?<\/h2>\n\n\n\n<p class=\"wp-block-paragraph\">Uma maneira simples de comparar diferentes planos \u00e9 criar uma lista com os principais crit\u00e9rios.<\/p>\n\n\n\n<p class=\"wp-block-paragraph\">Por exemplo:<\/p>\n\n\n\n<figure class=\"wp-block-table\"><table  class=\"has-fixed-layout table table-hover\" ><tbody><tr><th>Crit\u00e9rio<\/th><th>Plano A<\/th><th>Plano B<\/th><th>Plano C<\/th><\/tr><tr><td>Mensalidade<\/td><td>Avaliar<\/td><td>Avaliar<\/td><td>Avaliar<\/td><\/tr><tr><td>Rede credenciada<\/td><td>Avaliar<\/td><td>Avaliar<\/td><td>Avaliar<\/td><\/tr><tr><td>Abrang\u00eancia<\/td><td>Avaliar<\/td><td>Avaliar<\/td><td>Avaliar<\/td><\/tr><tr><td>Coparticipa\u00e7\u00e3o<\/td><td>Avaliar<\/td><td>Avaliar<\/td><td>Avaliar<\/td><\/tr><tr><td>Car\u00eancias<\/td><td>Avaliar<\/td><td>Avaliar<\/td><td>Avaliar<\/td><\/tr><tr><td>Cobertura<\/td><td>Avaliar<\/td><td>Avaliar<\/td><td>Avaliar<\/td><\/tr><\/tbody><\/table><\/figure>\n\n\n\n<p class=\"wp-block-paragraph\">Essa compara\u00e7\u00e3o ajuda a visualizar as diferen\u00e7as entre os produtos e facilita a tomada de decis\u00e3o.<\/p>\n\n\n\n<h2 class=\"wp-block-heading\">Conte com orienta\u00e7\u00e3o profissional<\/h2>\n\n\n\n<p class=\"wp-block-paragraph\">O mercado de planos de sa\u00fade possui muitas op\u00e7\u00f5es e caracter\u00edsticas diferentes.<\/p>\n\n\n\n<p class=\"wp-block-paragraph\">Um corretor especializado pode ajudar o consumidor a entender as alternativas dispon\u00edveis e encontrar produtos compat\u00edveis com seu perfil.<\/p>\n\n\n\n<p class=\"wp-block-paragraph\">Al\u00e9m de apresentar op\u00e7\u00f5es, o profissional pode esclarecer d\u00favidas sobre cobertura, rede credenciada, contrata\u00e7\u00e3o e demais condi\u00e7\u00f5es.<\/p>\n\n\n\n<h2 class=\"wp-block-heading\">Antes de contratar, fa\u00e7a estas perguntas<\/h2>\n\n\n\n<p class=\"wp-block-paragraph\">Antes de tomar sua decis\u00e3o, procure responder:<\/p>\n\n\n\n<ol start=\"1\" class=\"wp-block-list\">\n<li>Qual \u00e9 o meu or\u00e7amento mensal?<\/li>\n\n\n\n<li>Quantas pessoas utilizar\u00e3o o plano?<\/li>\n\n\n\n<li>Em quais cidades preciso de atendimento?<\/li>\n\n\n\n<li>Quais hospitais e laborat\u00f3rios s\u00e3o importantes para mim?<\/li>\n\n\n\n<li>Preciso de cobertura nacional ou regional?<\/li>\n\n\n\n<li>Tenho prefer\u00eancia por plano com ou sem coparticipa\u00e7\u00e3o?<\/li>\n\n\n\n<li>Quais s\u00e3o as car\u00eancias?<\/li>\n\n\n\n<li>Quais coberturas est\u00e3o inclu\u00eddas?<\/li>\n\n\n\n<li>Existem condi\u00e7\u00f5es espec\u00edficas para minha modalidade de contrata\u00e7\u00e3o?<\/li>\n\n\n\n<li>O plano atende \u00e0s minhas necessidades atuais?<\/li>\n<\/ol>\n\n\n\n<p class=\"wp-block-paragraph\">Essas perguntas ajudam a tornar a escolha mais consciente.<\/p>\n\n\n\n<h2 class=\"wp-block-heading\">Conclus\u00e3o<\/h2>\n\n\n\n<p class=\"wp-block-paragraph\">Escolher um plano de sa\u00fade n\u00e3o significa simplesmente procurar a menor mensalidade.<\/p>\n\n\n\n<p class=\"wp-block-paragraph\">A melhor decis\u00e3o depende da combina\u00e7\u00e3o entre pre\u00e7o, cobertura, rede credenciada, abrang\u00eancia e necessidades dos benefici\u00e1rios.<\/p>\n\n\n\n<p class=\"wp-block-paragraph\">Antes de contratar, pesquise, compare diferentes alternativas e esclare\u00e7a todas as condi\u00e7\u00f5es do produto.<\/p>\n\n\n\n<p class=\"wp-block-paragraph\"><strong>Quanto mais criteriosa for a an\u00e1lise antes da contrata\u00e7\u00e3o, maiores s\u00e3o as chances de encontrar um plano de sa\u00fade compat\u00edvel com suas necessidades e seu or\u00e7amento.<\/strong><\/p>\n","protected":false},"excerpt":{"rendered":"<p>Escolher um plano de sa\u00fade pode parecer uma tarefa simples, mas existem diversos fatores que precisam ser analisados antes da contrata\u00e7\u00e3o. Afinal, cada pessoa possui necessidades diferentes, e o plano ideal para uma fam\u00edlia pode n\u00e3o ser a melhor op\u00e7\u00e3o para um jovem, um profissional aut\u00f4nomo ou uma empresa. Al\u00e9m de observar o pre\u00e7o da [&hellip;]<\/p>\n","protected":false},"author":2,"featured_media":0,"comment_status":"open","ping_status":"open","sticky":false,"template":"","format":"standard","meta":{"footnotes":""},"categories":[8,7],"tags":[],"class_list":["post-312","post","type-post","status-publish","format-standard","hentry","category-dicas","category-plnos-de-saude"],"_links":{"self":[{"href":"https:\/\/planosdesaudebrasil.com.br\/blog\/wp-json\/wp\/v2\/posts\/312","targetHints":{"allow":["GET"]}}],"collection":[{"href":"https:\/\/planosdesaudebrasil.com.br\/blog\/wp-json\/wp\/v2\/posts"}],"about":[{"href":"https:\/\/planosdesaudebrasil.com.br\/blog\/wp-json\/wp\/v2\/types\/post"}],"author":[{"embeddable":true,"href":"https:\/\/planosdesaudebrasil.com.br\/blog\/wp-json\/wp\/v2\/users\/2"}],"replies":[{"embeddable":true,"href":"https:\/\/planosdesaudebrasil.com.br\/blog\/wp-json\/wp\/v2\/comments?post=312"}],"version-history":[{"count":1,"href":"https:\/\/planosdesaudebrasil.com.br\/blog\/wp-json\/wp\/v2\/posts\/312\/revisions"}],"predecessor-version":[{"id":313,"href":"https:\/\/planosdesaudebrasil.com.br\/blog\/wp-json\/wp\/v2\/posts\/312\/revisions\/313"}],"wp:attachment":[{"href":"https:\/\/planosdesaudebrasil.com.br\/blog\/wp-json\/wp\/v2\/media?parent=312"}],"wp:term":[{"taxonomy":"category","embeddable":true,"href":"https:\/\/planosdesaudebrasil.com.br\/blog\/wp-json\/wp\/v2\/categories?post=312"},{"taxonomy":"post_tag","embeddable":true,"href":"https:\/\/planosdesaudebrasil.com.br\/blog\/wp-json\/wp\/v2\/tags?post=312"}],"curies":[{"name":"wp","href":"https:\/\/api.w.org\/{rel}","templated":true}]}}